{"id":178,"date":"2021-12-28T16:41:28","date_gmt":"2021-12-28T15:41:28","guid":{"rendered":"http:\/\/dieteticiennemariebehar.paris\/?p=178"},"modified":"2022-12-14T22:08:41","modified_gmt":"2022-12-14T21:08:41","slug":"covid-et-alimentation","status":"publish","type":"post","link":"https:\/\/dieteticiennemariebehar.paris\/index.php\/2021\/12\/28\/covid-et-alimentation\/","title":{"rendered":"Impact du COVID sur notre alimentation"},"content":{"rendered":"<p><strong>Impact du COVID sur l&#8217;alimentation des patients hospitalis\u00e9s.<\/strong><\/p>\n<p>Je vous invite \u00e0 lire mon <a href=\"https:\/\/pubmed.ncbi.nlm.nih.gov\/34482098\/\" target=\"_blank\" rel=\"noopener\">article<\/a> publi\u00e9 dans le journal <em><strong>Nutrition<\/strong><\/em> .Le projet <strong>NutriCovid30<\/strong> est une \u00e9tude de cohorte longitudinale multicentrique qui pr\u00e9sente les donn\u00e9es objectives nutritionnelles sur les patients hospitalis\u00e9s pendant l&#8217;infection au COVID-19.<\/p>\n","protected":false},"excerpt":{"rendered":"<p>Impact du COVID sur l&#8217;alimentation des patients hospitalis\u00e9s. Je vous invite \u00e0 lire mon article publi\u00e9 dans le journal Nutrition .Le projet NutriCovid30 est une \u00e9tude de cohorte longitudinale multicentrique qui pr\u00e9sente les donn\u00e9es objectives nutritionnelles sur les patients hospitalis\u00e9s &hellip; <\/p>\n","protected":false},"author":1,"featured_media":182,"comment_status":"open","ping_status":"open","sticky":false,"template":"","format":"standard","meta":{"_themeisle_gutenberg_block_has_review":false,"footnotes":""},"categories":[8],"tags":[],"class_list":["post-178","post","type-post","status-publish","format-standard","has-post-thumbnail","hentry","category-covid","latest_post"],"_links":{"self":[{"href":"https:\/\/dieteticiennemariebehar.paris\/index.php\/wp-json\/wp\/v2\/posts\/178","targetHints":{"allow":["GET"]}}],"collection":[{"href":"https:\/\/dieteticiennemariebehar.paris\/index.php\/wp-json\/wp\/v2\/posts"}],"about":[{"href":"https:\/\/dieteticiennemariebehar.paris\/index.php\/wp-json\/wp\/v2\/types\/post"}],"author":[{"embeddable":true,"href":"https:\/\/dieteticiennemariebehar.paris\/index.php\/wp-json\/wp\/v2\/users\/1"}],"replies":[{"embeddable":true,"href":"https:\/\/dieteticiennemariebehar.paris\/index.php\/wp-json\/wp\/v2\/comments?post=178"}],"version-history":[{"count":9,"href":"https:\/\/dieteticiennemariebehar.paris\/index.php\/wp-json\/wp\/v2\/posts\/178\/revisions"}],"predecessor-version":[{"id":581,"href":"https:\/\/dieteticiennemariebehar.paris\/index.php\/wp-json\/wp\/v2\/posts\/178\/revisions\/581"}],"wp:featuredmedia":[{"embeddable":true,"href":"https:\/\/dieteticiennemariebehar.paris\/index.php\/wp-json\/wp\/v2\/media\/182"}],"wp:attachment":[{"href":"https:\/\/dieteticiennemariebehar.paris\/index.php\/wp-json\/wp\/v2\/media?parent=178"}],"wp:term":[{"taxonomy":"category","embeddable":true,"href":"https:\/\/dieteticiennemariebehar.paris\/index.php\/wp-json\/wp\/v2\/categories?post=178"},{"taxonomy":"post_tag","embeddable":true,"href":"https:\/\/dieteticiennemariebehar.paris\/index.php\/wp-json\/wp\/v2\/tags?post=178"}],"curies":[{"name":"wp","href":"https:\/\/api.w.org\/{rel}","templated":true}]}}