{"id":708,"date":"2025-03-18T18:26:11","date_gmt":"2025-03-18T17:26:11","guid":{"rendered":"https:\/\/dieteticiennemariebehar.paris\/?p=708"},"modified":"2025-03-22T22:13:26","modified_gmt":"2025-03-22T21:13:26","slug":"quelle-alimentation-faut-il-privilegier-en-cas-de-gastrite-je-vous-reponds-dans-sante-magazine","status":"publish","type":"post","link":"https:\/\/dieteticiennemariebehar.paris\/index.php\/2025\/03\/18\/quelle-alimentation-faut-il-privilegier-en-cas-de-gastrite-je-vous-reponds-dans-sante-magazine\/","title":{"rendered":"Quelle alimentation faut-il privil\u00e9gier en cas de gastrite? Je vous r\u00e9ponds dans Sant\u00e9 Magazine"},"content":{"rendered":"<p>La gastrite d\u00e9signe une<strong>\u00a0inflammation plus ou moins s\u00e9v\u00e8re de la muqueuse de l\u2019estomac<\/strong>, susceptible d\u2019\u00eatre \u00e0 l\u2019origine de br\u00fblures d\u2019estomac, de naus\u00e9es, de ballonnements, de douleurs abdominales et d\u2019une sensation de lourdeur apr\u00e8s les repas. La prise en charge de la gastrite inclut g\u00e9n\u00e9ralement des m\u00e9dicaments bien sp\u00e9cifiques, mais <strong>l\u2019ajustement de l\u2019alimentation\u00a0<\/strong>peut aussi jouer un r\u00f4le crucial dans la gestion des sympt\u00f4mes et dans la gu\u00e9rison de la muqueuse gastrique. Quels aliments faut-il privil\u00e9gier ? Et au contraire, quels aliments vaut-il mieux \u00e9viter ? Quid des boissons ? \u00c9clairage de <a href=\"https:\/\/www.santemagazine.fr\/experts\/marie-behar-1058412\" target=\"_blank\" rel=\"noopener\">Marie Behar, di\u00e9t\u00e9ticienne nutritionniste sp\u00e9cialiste des troubles digestifs et docteure en Sant\u00e9 Publique<\/a>. (Interview de <a href=\"https:\/\/www.santemagazine.fr\/auteurs\/manon-duran-873062\" target=\"_blank\" rel=\"noopener\">Manon Duran<\/a>, journaliste pour <a href=\"https:\/\/www.santemagazine.fr\" target=\"_blank\" rel=\"noopener\">Sant\u00e9 Magazine<\/a>).<\/p>\n<h3><a href=\"https:\/\/www.santemagazine.fr\/sante\/maladies\/maladies-appareil-digestif\/quelle-alimentation-privilegier-en-cas-de-gastrite-1058471\" target=\"_blank\" rel=\"noopener\">Sant\u00e9 Magazine &#8211; Interview de Marie BEHAR<\/a><\/h3>\n","protected":false},"excerpt":{"rendered":"<p>La gastrite d\u00e9signe une\u00a0inflammation plus ou moins s\u00e9v\u00e8re de la muqueuse de l\u2019estomac, susceptible d\u2019\u00eatre \u00e0 l\u2019origine de br\u00fblures d\u2019estomac, de naus\u00e9es, de ballonnements, de douleurs abdominales et d\u2019une sensation de lourdeur apr\u00e8s les repas. La prise en charge de &hellip; <\/p>\n","protected":false},"author":1,"featured_media":710,"comment_status":"open","ping_status":"open","sticky":false,"template":"","format":"standard","meta":{"_themeisle_gutenberg_block_has_review":false,"footnotes":""},"categories":[1],"tags":[],"class_list":["post-708","post","type-post","status-publish","format-standard","has-post-thumbnail","hentry","category-non-classe","latest_post"],"_links":{"self":[{"href":"https:\/\/dieteticiennemariebehar.paris\/index.php\/wp-json\/wp\/v2\/posts\/708","targetHints":{"allow":["GET"]}}],"collection":[{"href":"https:\/\/dieteticiennemariebehar.paris\/index.php\/wp-json\/wp\/v2\/posts"}],"about":[{"href":"https:\/\/dieteticiennemariebehar.paris\/index.php\/wp-json\/wp\/v2\/types\/post"}],"author":[{"embeddable":true,"href":"https:\/\/dieteticiennemariebehar.paris\/index.php\/wp-json\/wp\/v2\/users\/1"}],"replies":[{"embeddable":true,"href":"https:\/\/dieteticiennemariebehar.paris\/index.php\/wp-json\/wp\/v2\/comments?post=708"}],"version-history":[{"count":8,"href":"https:\/\/dieteticiennemariebehar.paris\/index.php\/wp-json\/wp\/v2\/posts\/708\/revisions"}],"predecessor-version":[{"id":717,"href":"https:\/\/dieteticiennemariebehar.paris\/index.php\/wp-json\/wp\/v2\/posts\/708\/revisions\/717"}],"wp:featuredmedia":[{"embeddable":true,"href":"https:\/\/dieteticiennemariebehar.paris\/index.php\/wp-json\/wp\/v2\/media\/710"}],"wp:attachment":[{"href":"https:\/\/dieteticiennemariebehar.paris\/index.php\/wp-json\/wp\/v2\/media?parent=708"}],"wp:term":[{"taxonomy":"category","embeddable":true,"href":"https:\/\/dieteticiennemariebehar.paris\/index.php\/wp-json\/wp\/v2\/categories?post=708"},{"taxonomy":"post_tag","embeddable":true,"href":"https:\/\/dieteticiennemariebehar.paris\/index.php\/wp-json\/wp\/v2\/tags?post=708"}],"curies":[{"name":"wp","href":"https:\/\/api.w.org\/{rel}","templated":true}]}}