{"id":748,"date":"2024-05-26T12:04:03","date_gmt":"2024-05-26T10:04:03","guid":{"rendered":"https:\/\/dieteticiennemariebehar.paris\/?p=748"},"modified":"2024-05-26T12:19:57","modified_gmt":"2024-05-26T10:19:57","slug":"on-se-reconcilie-avec-le-yaourt-interview-de-marie-behar-dans-version-femina","status":"publish","type":"post","link":"https:\/\/dieteticiennemariebehar.paris\/index.php\/2024\/05\/26\/on-se-reconcilie-avec-le-yaourt-interview-de-marie-behar-dans-version-femina\/","title":{"rendered":"On se r\u00e9concilie avec LE YAOURT. Interview de Marie Behar pour Version Femina."},"content":{"rendered":"<h2>On se r\u00e9concilie avec LE YAOURT. Interview de Marie Behar pour Version Femina.<\/h2>\n<p>Ce produit ferment\u00e9 peut garder sa place dans notre alimentation en d\u00e9pit de la vague du r\u00e9gime sans lactose. Suivez nos conseils !<\/p>\n<p>\u00ab\u00a0<em>Docteur, j&#8217;ai banni le lait et tous ses d\u00e9riv\u00e9s pour mieux dig\u00e9rer.<\/em> \u00bb Un refrain bien connu des gastroent\u00e9rologues, m\u00e9decins nutritionnistes et di\u00e9t\u00e9ticiens. Les raisons avanc\u00e9es de cette \u00e9viction ? L&#8217;intol\u00e9rance au lactose (le sucre du lait), qui concernerait 20 % des adultes dans le nord de la France et jusqu&#8217;\u00e0 50 % dans le sud. Dans ce cas, les maux digestifs \u2013 flatulences, ballonnements, douleurs abdominales, diarrh\u00e9es\u2026 \u2013 apparaissent entre trente minutes et deux heures apr\u00e8s l&#8217;ingestion de produits laitiers. En cause : un d\u00e9ficit en lactase, l&#8217;enzyme charg\u00e9e de la digestion du lactose. Optimale chez le nouveau-n\u00e9, l&#8217;activit\u00e9 de cette enzyme intestinale a en effet tendance \u00e0 s&#8217;amenuiser \u00e0 mesure que l&#8217;on avance en \u00e2ge, sans pour autant compl\u00e8tement dispara\u00eetre.<\/p>\n<p><a href=\"https:\/\/www.femina.fr\/article\/intolerance-au-lactose-faut-il-vraiment-supprimer-le-yaourt\" target=\"_blank\" rel=\"noopener\">Retrouvez toute l&#8217;interview sur le site de Version Femina.<\/a><\/p>\n<p>&nbsp;<\/p>\n","protected":false},"excerpt":{"rendered":"<p>On se r\u00e9concilie avec LE YAOURT. Interview de Marie Behar pour Version Femina. Ce produit ferment\u00e9 peut garder sa place dans notre alimentation en d\u00e9pit de la vague du r\u00e9gime sans lactose. Suivez nos conseils ! \u00ab\u00a0Docteur, j&#8217;ai banni le &hellip; <\/p>\n","protected":false},"author":1,"featured_media":751,"comment_status":"open","ping_status":"open","sticky":false,"template":"","format":"standard","meta":{"_themeisle_gutenberg_block_has_review":false,"footnotes":""},"categories":[1],"tags":[],"class_list":["post-748","post","type-post","status-publish","format-standard","has-post-thumbnail","hentry","category-non-classe","latest_post"],"_links":{"self":[{"href":"https:\/\/dieteticiennemariebehar.paris\/index.php\/wp-json\/wp\/v2\/posts\/748","targetHints":{"allow":["GET"]}}],"collection":[{"href":"https:\/\/dieteticiennemariebehar.paris\/index.php\/wp-json\/wp\/v2\/posts"}],"about":[{"href":"https:\/\/dieteticiennemariebehar.paris\/index.php\/wp-json\/wp\/v2\/types\/post"}],"author":[{"embeddable":true,"href":"https:\/\/dieteticiennemariebehar.paris\/index.php\/wp-json\/wp\/v2\/users\/1"}],"replies":[{"embeddable":true,"href":"https:\/\/dieteticiennemariebehar.paris\/index.php\/wp-json\/wp\/v2\/comments?post=748"}],"version-history":[{"count":3,"href":"https:\/\/dieteticiennemariebehar.paris\/index.php\/wp-json\/wp\/v2\/posts\/748\/revisions"}],"predecessor-version":[{"id":753,"href":"https:\/\/dieteticiennemariebehar.paris\/index.php\/wp-json\/wp\/v2\/posts\/748\/revisions\/753"}],"wp:featuredmedia":[{"embeddable":true,"href":"https:\/\/dieteticiennemariebehar.paris\/index.php\/wp-json\/wp\/v2\/media\/751"}],"wp:attachment":[{"href":"https:\/\/dieteticiennemariebehar.paris\/index.php\/wp-json\/wp\/v2\/media?parent=748"}],"wp:term":[{"taxonomy":"category","embeddable":true,"href":"https:\/\/dieteticiennemariebehar.paris\/index.php\/wp-json\/wp\/v2\/categories?post=748"},{"taxonomy":"post_tag","embeddable":true,"href":"https:\/\/dieteticiennemariebehar.paris\/index.php\/wp-json\/wp\/v2\/tags?post=748"}],"curies":[{"name":"wp","href":"https:\/\/api.w.org\/{rel}","templated":true}]}}