{"id":822,"date":"2025-03-17T22:23:17","date_gmt":"2025-03-17T21:23:17","guid":{"rendered":"https:\/\/dieteticiennemariebehar.paris\/?p=822"},"modified":"2025-03-22T22:47:56","modified_gmt":"2025-03-22T21:47:56","slug":"peut-on-manger-des-pates-crues-je-vous-reponds-dans-sante-magazine","status":"publish","type":"post","link":"https:\/\/dieteticiennemariebehar.paris\/index.php\/2025\/03\/17\/peut-on-manger-des-pates-crues-je-vous-reponds-dans-sante-magazine\/","title":{"rendered":"Peut-on manger des p\u00e2tes crues? Interview de Marie Behar"},"content":{"rendered":"<p>Manger des p\u00e2tes crues par impatience : bonne ou mauvaise id\u00e9e ? Derri\u00e8re leur apparence inoffensive, elles pourraient bien <strong>r\u00e9server quelques surprises \u00e0 votre syst\u00e8me digestif<\/strong>. Indigestion, malabsorption\u2026 Que risque-t-on r\u00e9ellement\u00a0? \u00c9clairage de\u00a0<a href=\"https:\/\/www.santemagazine.fr\/experts\/marie-behar-1058412#:~:text=Les%20derniers%20articles%20de%20Marie,de%20st%C3%A9atose%20h%C3%A9patique%20non%20alcoolique%20%3F\" target=\"_blank\" rel=\"noopener\">Marie Behar, di\u00e9t\u00e9ticienne nutritionniste sp\u00e9cialiste des\u00a0troubles gastriques\u00a0et docteure en Sant\u00e9 Publique<\/a>.<\/p>\n<h2 class=\"mt-8 font-border flex items-center mb-4\">Les p\u00e2tes crues sont-elles comestibles ?<\/h2>\n<p>Sur le plan strictement alimentaire, oui,\u00a0<strong>les p\u00e2tes crues sont comestibles<\/strong>. Cela dit, elles ne sont pas id\u00e9ales \u00e0 consommer, m\u00eame en petite quantit\u00e9\u00a0: elles sont tr\u00e8s dures, difficiles \u00e0 m\u00e2cher, peuvent ab\u00eemer les gencives et \u00eatre irritantes pour le syst\u00e8me digestif, pr\u00e9cise l\u2019experte.<\/p>\n<h2 class=\"mt-8 font-border flex items-center mb-4\">Les p\u00e2tes crues sont-elles vraiment digestes ?<\/h2>\n<p>Les p\u00e2tes crues ne sont pas digestes, principalement \u00e0 cause de l\u2019amidon qu\u2019elles contiennent. Sous sa forme crue, cet amidon est compact et cristallin, ce qui le rend\u00a0<strong>difficile \u00e0 assimiler par notre syst\u00e8me digestif<\/strong>. \u00ab\u00a0Les amylases (les enzymes de notre syst\u00e8me digestif) ont du mal \u00e0 le d\u00e9grader, ce qui complique la digestion\u00a0\u00bb, pr\u00e9cise <a href=\"https:\/\/dieteticiennemariebehar.paris\/index.php\/dieteticienne-nutritionniste-paris-14\/\" target=\"_blank\" rel=\"noopener\">Marie Behar<\/a>.<\/p>\n<div class=\"list-style block-text-wrapper relative\">\n<p>Et de pr\u00e9venir\u00a0: \u00ab\u00a0Manger des p\u00e2tes crues peut provoquer\u00a0<strong>des\u00a0<a href=\"https:\/\/www.santemagazine.fr\/sante\/fiche-maladie\/ballonnement-177311\">ballonnements<\/a>, des douleurs abdominales et un inconfort digestif<\/strong>. Et ces ph\u00e9nom\u00e8nes peuvent appara\u00eetre rapidement, apr\u00e8s la consommation de quelques p\u00e2tes seulement \u00bb. Ils sont g\u00e9n\u00e9ralement plus marqu\u00e9s chez les personnes qui souffrent de troubles digestifs ou des maladies inflammatoires intestinales !<\/p>\n<p><span style=\"color: var(--font-color); font-family: var(--primary-font);\">Par ailleurs, les p\u00e2tes crues sont dures et plus difficiles \u00e0 m\u00e2cher. Aval\u00e9es en trop gros morceaux, elles peuvent entra\u00eener\u00a0<\/span><strong style=\"color: var(--font-color); font-family: var(--primary-font);\">des irritations digestives<\/strong><span style=\"color: var(--font-color); font-family: var(--primary-font);\">, souligne la\u00a0di\u00e9t\u00e9ticienne nutritionniste.<\/span><\/p>\n<p>M\u00eame si certaines personnes les tol\u00e8rent mieux que d&#8217;autres, il est pr\u00e9f\u00e9rable d\u2019\u00e9viter de consommer des p\u00e2tes crues pour ne pas surcharger son syst\u00e8me digestif. Marie Behar, di\u00e9t\u00e9ticienne.<\/p>\n<div class=\"list-style block-heading-wrapper relative\">\n<h2 class=\"mt-8 font-border flex items-center mb-4\">Les p\u00e2tes crues sont-elles plus int\u00e9ressantes sur le plan nutritionnel ?<\/h2>\n<\/div>\n<div class=\"list-style block-text-wrapper relative\">\n<p>Contrairement \u00e0 ce que l\u2019on pourrait penser, manger des p\u00e2tes crues n\u2019est pas forc\u00e9ment une bonne id\u00e9e sur le plan nutritionnel. \u00ab\u00a0Certes, elles contiennent en moyenne trois fois plus de micronutriments que les p\u00e2tes cuites, notamment du\u00a0<a href=\"https:\/\/www.santemagazine.fr\/alimentation\/nutriments\/mineraux\/6-signes-que-vous-manquez-de-magnesium-171270\">magn\u00e9sium<\/a>, du\u00a0<a href=\"https:\/\/www.santemagazine.fr\/alimentation\/nutriments\/mineraux\/10-astuces-nutrition-pour-se-recharger-en-fer-173820\">fer<\/a>\u00a0et du\u00a0<a href=\"https:\/\/www.santemagazine.fr\/alimentation\/aliments-et-sante\/produits-laitiers\/comment-faire-le-plein-de-calcium-173214\">calcium<\/a>. Mais, ces nutriments sont\u00a0<strong>beaucoup moins bien assimil\u00e9s par l\u2019organisme\u00a0<\/strong>(en moyenne deux fois moins), et ce en raison de leur teneur en acide phytique, un compos\u00e9 qui limite leur absorption et r\u00e9duit leur biodisponibilit\u00e9\u00a0\u00bb, indique Marie Behar.<\/p>\n<\/div>\n<div class=\"list-style block-text-wrapper relative\">\n<p>Un autre point souvent mis en avant est l\u2019<a href=\"https:\/\/www.santemagazine.fr\/minceur\/coaching-minceur\/conseils-pour-maigrir\/lindex-glycemique-un-allie-minceur-176572\">index glyc\u00e9mique<\/a>\u00a0plus bas des p\u00e2tes crues par rapport aux p\u00e2tes cuites. Th\u00e9oriquement, cela signifie qu\u2019elles provoquent une augmentation plus lente du taux de sucre dans le sang. Toutefois, cet avantage est\u00a0<strong>contrebalanc\u00e9 par leur faible digestibilit\u00e9 et leur moindre assimilation des nutriments<\/strong>. En pratique, une portion de p\u00e2tes bien cuites et al dente reste une bien meilleure option sur le plan nutritionnel et digestif, estime l\u2019experte.<\/p>\n<div class=\"list-style block-heading-wrapper relative\">\n<h2 class=\"mt-8 font-border flex items-center mb-4\">Est-ce risqu\u00e9 de manger des p\u00e2tes crues sur le plan sanitaire ?<\/h2>\n<\/div>\n<div class=\"list-style block-text-wrapper relative\">\n<p>Sur le plan sanitaire, manger des p\u00e2tes crues est relativement s\u00fbr. En principe, elles ne contiennent pas de germes pathog\u00e8nes, car le processus de fabrication inclut un s\u00e9chage \u00e0 haute temp\u00e9rature qui tue la plupart des microorganismes. Toutefois, des\u00a0<strong>bact\u00e9ries comme\u00a0<em>Salmonella<\/em>\u00a0ou\u00a0<em>Escherichia coli<\/em><\/strong>\u00a0peuvent encore \u00eatre pr\u00e9sentes, surtout si les p\u00e2tes ont \u00e9t\u00e9 manipul\u00e9es ou mal stock\u00e9es. Comme le rappelle Marie Behar, ces bact\u00e9ries risquent de causer des\u00a0<a href=\"https:\/\/www.santemagazine.fr\/sante\/fiche-maladie\/intoxication-alimentaire-177231\">infections alimentaires<\/a>.<\/p>\n<div class=\"list-style block-heading-wrapper relative\">\n<h2 class=\"mt-8 mb-4\">Pourquoi la cuisson est essentielle ?<\/h2>\n<\/div>\n<div class=\"list-style block-text-wrapper relative\">\n<p>La cuisson des p\u00e2tes permet de rendre l\u2019amidon plus digeste, mais aussi\u00a0<strong>d\u2019\u00e9liminer les \u00e9ventuels germes et bact\u00e9ries pr\u00e9sents<\/strong>. Ces micro-organismes ne survivent pas \u00e0 hautes temp\u00e9ratures. Les p\u00e2tes cuites sont donc beaucoup plus s\u00fbres \u00e0 consommer, assure l\u2019experte.<\/p>\n<div class=\"list-style block-heading-wrapper relative\">\n<h2 class=\"mt-8 font-border flex items-center mb-4\">Qu\u2019en est-il des p\u00e2tes fra\u00eeches crues ? Sont-elles plus int\u00e9ressantes ?<\/h2>\n<\/div>\n<div class=\"list-style block-text-wrapper relative\">\n<p>Les p\u00e2tes fra\u00eeches crues sont g\u00e9n\u00e9ralement\u00a0<strong>plus digestes que les p\u00e2tes s\u00e8ches crues<\/strong>. Et cela s\u2019explique principalement par plusieurs facteurs li\u00e9s \u00e0 leur structure et \u00e0 leur mode de pr\u00e9paration :<\/p>\n<\/div>\n<div class=\"list-style block-text-wrapper relative\">\n<ul>\n<li>La pr\u00e9cuisson\u00a0<strong>transforme l\u2019amidon<\/strong>, le rendant plus facile \u00e0 dig\u00e9rer.<\/li>\n<li>Les p\u00e2tes fra\u00eeches<strong>\u00a0contiennent plus d\u2019eau<\/strong>\u00a0et leur texture plus tendre facilite la digestion.<\/li>\n<li>Elles\u00a0<strong>cuisent plus vite<\/strong>, or une cuisson courte limite les d\u00e9sagr\u00e9ments digestifs.<\/li>\n<li>Elles contiennent\u00a0<strong>moins de gluten r\u00e9ticul\u00e9<\/strong> que les p\u00e2tes s\u00e8ches\u00a0et sont donc plus faciles \u00e0 dig\u00e9rer.<\/li>\n<\/ul>\n<\/div>\n<\/div>\n<div class=\"list-style block-text-wrapper relative\">\n<h3><a href=\"https:\/\/www.santemagazine.fr\/alimentation\/aliments-et-sante\/produits-cerealiers\/peut-on-manger-des-pates-crues-1111012\" target=\"_blank\" rel=\"noopener\">Lire la suite dans Sant\u00e9 Magazine &#8211; Interview de Marie BEHAR<\/a><\/h3>\n<\/div>\n<\/div>\n<\/div>\n<\/div>\n","protected":false},"excerpt":{"rendered":"<p>Manger des p\u00e2tes crues par impatience : bonne ou mauvaise id\u00e9e ? Derri\u00e8re leur apparence inoffensive, elles pourraient bien r\u00e9server quelques surprises \u00e0 votre syst\u00e8me digestif. Indigestion, malabsorption\u2026 Que risque-t-on r\u00e9ellement\u00a0? \u00c9clairage de\u00a0Marie Behar, di\u00e9t\u00e9ticienne nutritionniste sp\u00e9cialiste des\u00a0troubles gastriques\u00a0et docteure &hellip; <\/p>\n","protected":false},"author":1,"featured_media":827,"comment_status":"open","ping_status":"open","sticky":false,"template":"","format":"standard","meta":{"_themeisle_gutenberg_block_has_review":false,"footnotes":""},"categories":[1],"tags":[],"class_list":["post-822","post","type-post","status-publish","format-standard","has-post-thumbnail","hentry","category-non-classe","latest_post"],"_links":{"self":[{"href":"https:\/\/dieteticiennemariebehar.paris\/index.php\/wp-json\/wp\/v2\/posts\/822","targetHints":{"allow":["GET"]}}],"collection":[{"href":"https:\/\/dieteticiennemariebehar.paris\/index.php\/wp-json\/wp\/v2\/posts"}],"about":[{"href":"https:\/\/dieteticiennemariebehar.paris\/index.php\/wp-json\/wp\/v2\/types\/post"}],"author":[{"embeddable":true,"href":"https:\/\/dieteticiennemariebehar.paris\/index.php\/wp-json\/wp\/v2\/users\/1"}],"replies":[{"embeddable":true,"href":"https:\/\/dieteticiennemariebehar.paris\/index.php\/wp-json\/wp\/v2\/comments?post=822"}],"version-history":[{"count":5,"href":"https:\/\/dieteticiennemariebehar.paris\/index.php\/wp-json\/wp\/v2\/posts\/822\/revisions"}],"predecessor-version":[{"id":828,"href":"https:\/\/dieteticiennemariebehar.paris\/index.php\/wp-json\/wp\/v2\/posts\/822\/revisions\/828"}],"wp:featuredmedia":[{"embeddable":true,"href":"https:\/\/dieteticiennemariebehar.paris\/index.php\/wp-json\/wp\/v2\/media\/827"}],"wp:attachment":[{"href":"https:\/\/dieteticiennemariebehar.paris\/index.php\/wp-json\/wp\/v2\/media?parent=822"}],"wp:term":[{"taxonomy":"category","embeddable":true,"href":"https:\/\/dieteticiennemariebehar.paris\/index.php\/wp-json\/wp\/v2\/categories?post=822"},{"taxonomy":"post_tag","embeddable":true,"href":"https:\/\/dieteticiennemariebehar.paris\/index.php\/wp-json\/wp\/v2\/tags?post=822"}],"curies":[{"name":"wp","href":"https:\/\/api.w.org\/{rel}","templated":true}]}}